{"id":1295,"date":"2000-01-01T00:00:05","date_gmt":"1999-12-31T23:00:05","guid":{"rendered":"http:\/\/www.gesangverein-massenbach.de\/2\/?p=1295"},"modified":"2024-11-17T18:49:22","modified_gmt":"2024-11-17T17:49:22","slug":"ueber-uns-chrleiter","status":"publish","type":"post","link":"https:\/\/www.gesangverein-massenbach.de\/2\/2000\/01\/01\/ueber-uns-chrleiter\/","title":{"rendered":"\u00dcber uns &#8211; Chorleiter"},"content":{"rendered":"<p><a href=\"http:\/\/www.gesangverein-massenbach.de\/2\/alexander_illg\/\"><img loading=\"lazy\" class=\"aligncenter size-full wp-image-4146\" src=\"http:\/\/www.gesangverein-massenbach.de\/2\/wp-content\/uploads\/Alexander_Illg.jpg\" alt=\"\" width=\"296\" height=\"296\" srcset=\"https:\/\/www.gesangverein-massenbach.de\/2\/wp-content\/uploads\/Alexander_Illg.jpg 296w, https:\/\/www.gesangverein-massenbach.de\/2\/wp-content\/uploads\/Alexander_Illg-150x150.jpg 150w\" sizes=\"(max-width: 296px) 100vw, 296px\" \/><\/a><\/p>\n<p style=\"text-align: center;\"><strong><span style=\"color: #000000;\">Gemischter Chor MEZZOFORTE<\/span><\/strong><\/p>\n<p style=\"text-align: center;\"><span style=\"color: #000000;\">Herr Alexander Illg leitet unsere gemischte Chorgruppe seit dem<\/span><br \/>\n<span style=\"color: #000000;\"> 09. Januar 2020.<\/span><\/p>\n<p><span style=\"color: #000000;\">Alexander Illg aus Neckarsulm ist seit 2009 als Klavier- und Violinlehrer an mehreren Musikschulen im Landkreis Heilbronn t\u00e4tig.<\/span><br \/>\n<span style=\"color: #000000;\">Seit 2013 ist er auch als Chorleiter aktiv und leitet zwischenzeitlich einige Ch\u00f6re.<\/span><br \/>\n<span style=\"color: #000000;\">Nach seinem Studium von Klavier und Gesang besuchte er das Chorleiterseminar des Evangelischen Jugendwerks, bei dem der Fokus auf Gospel und Pop lag.&nbsp; Herr Illg erwarb den&nbsp; C3-Chorleiterschein des Schw\u00e4bischen Chorverbandes und ist so f\u00fcr die Aufgaben bei seinen Ch\u00f6ren bestens ger\u00fcstet.<br \/>\n<\/span><span style=\"color: #000000;\">Seinen Schwerpunkt sieht er bei zeitgen\u00f6ssischer und moderner Chorliteratur, ist aber f\u00fcr alles aufgeschlossen was gut klingt, Spass und Freude bereitet.<br \/>\n<\/span><\/p>\n","protected":false},"excerpt":{"rendered":"<p>Gemischter Chor MEZZOFORTE Herr Alexander Illg leitet unsere gemischte Chorgruppe seit dem 09. Januar 2020. Alexander Illg aus Neckarsulm ist seit 2009 als Klavier- und Violinlehrer an mehreren Musikschulen im Landkreis Heilbronn t\u00e4tig. Seit 2013 ist er auch als Chorleiter aktiv und leitet zwischenzeitlich einige Ch\u00f6re. Nach seinem Studium von Klavier und Gesang besuchte er [&hellip;]<\/p>\n","protected":false},"author":1,"featured_media":0,"comment_status":"closed","ping_status":"closed","sticky":false,"template":"","format":"standard","meta":{"ngg_post_thumbnail":0},"categories":[4,9],"tags":[],"_links":{"self":[{"href":"https:\/\/www.gesangverein-massenbach.de\/2\/wp-json\/wp\/v2\/posts\/1295"}],"collection":[{"href":"https:\/\/www.gesangverein-massenbach.de\/2\/wp-json\/wp\/v2\/posts"}],"about":[{"href":"https:\/\/www.gesangverein-massenbach.de\/2\/wp-json\/wp\/v2\/types\/post"}],"author":[{"embeddable":true,"href":"https:\/\/www.gesangverein-massenbach.de\/2\/wp-json\/wp\/v2\/users\/1"}],"replies":[{"embeddable":true,"href":"https:\/\/www.gesangverein-massenbach.de\/2\/wp-json\/wp\/v2\/comments?post=1295"}],"version-history":[{"count":19,"href":"https:\/\/www.gesangverein-massenbach.de\/2\/wp-json\/wp\/v2\/posts\/1295\/revisions"}],"predecessor-version":[{"id":5839,"href":"https:\/\/www.gesangverein-massenbach.de\/2\/wp-json\/wp\/v2\/posts\/1295\/revisions\/5839"}],"wp:attachment":[{"href":"https:\/\/www.gesangverein-massenbach.de\/2\/wp-json\/wp\/v2\/media?parent=1295"}],"wp:term":[{"taxonomy":"category","embeddable":true,"href":"https:\/\/www.gesangverein-massenbach.de\/2\/wp-json\/wp\/v2\/categories?post=1295"},{"taxonomy":"post_tag","embeddable":true,"href":"https:\/\/www.gesangverein-massenbach.de\/2\/wp-json\/wp\/v2\/tags?post=1295"}],"curies":[{"name":"wp","href":"https:\/\/api.w.org\/{rel}","templated":true}]}}