{"id":5859,"date":"2025-01-07T14:40:58","date_gmt":"2025-01-07T13:40:58","guid":{"rendered":"http:\/\/www.gesangverein-massenbach.de\/2\/?p=5859"},"modified":"2025-11-16T19:08:30","modified_gmt":"2025-11-16T18:08:30","slug":"termine-2025","status":"publish","type":"post","link":"http:\/\/www.gesangverein-massenbach.de\/2\/2025\/01\/07\/termine-2025\/","title":{"rendered":"Termine 2025"},"content":{"rendered":"\n<table style=\"width: 89.8786%; height: 152px;\">\n<tbody>\n<tr style=\"height: 19px;\">\n<td style=\"width: 20.2635%; height: 19px;\"><strong><span style=\"color: #000000;\">31. Januar<\/span><\/strong><\/td>\n<td style=\"width: 74.7272%; height: 19px;\"><strong><span style=\"color: #000000;\">152. Mitgliedervers.\u2013\u201eKaffee Krainbachhof\u201c Mb 20:00h<\/span><\/strong><\/td>\n<\/tr>\n<tr style=\"height: 19px;\">\n<td style=\"width: 20.2635%; height: 19px;\"><strong><span style=\"color: #000000;\">22. M\u00e4rz<\/span><\/strong><\/td>\n<td style=\"width: 74.7272%; height: 19px;\"><strong><span style=\"color: #000000;\">Teilnahme beim Jubil\u00e4um &#8222;Uganda-Hilfe&#8220;<br><\/span><\/strong><\/td>\n<\/tr>\n<tr style=\"height: 19px;\">\n<td style=\"width: 20.2635%; height: 19px;\"><strong><span style=\"color: #000000;\">29. Mai<br><\/span><\/strong><\/td>\n<td style=\"width: 74.7272%; height: 19px;\"><strong><span style=\"color: #000000;\">Waldgottesdienst bei der Christophorus-H\u00fctte<\/span><\/strong><\/td>\n<\/tr>\n<tr style=\"height: 19px;\">\n<td style=\"width: 20.2635%; height: 19px;\"><strong><span style=\"color: #000000;\">08. Nov.<br><\/span><\/strong><\/td>\n<td style=\"width: 74.7272%; height: 19px;\"><strong><span style=\"color: #000000;\">Teilnahme beim &#8222;Gl\u00fchweinfest&#8220; des Chores &#8222;Aufwind&#8220; in Biberach<\/span><\/strong><\/td>\n<\/tr>\n<tr style=\"height: 19px;\">\n<td style=\"width: 20.2635%; height: 19px;\"><span style=\"color: #000000;\"><strong>15. Nov.<br><\/strong><\/span><\/td>\n<td style=\"width: 74.7272%; height: 19px;\"><span style=\"color: #000000;\"><strong>Herbstkonzert im Schloss Massenbach<br><\/strong><\/span><\/td>\n<\/tr>\n<tr style=\"height: 19px;\">\n<td style=\"width: 20.2635%; height: 19px;\"><span style=\"color: #000000;\"><strong>06.+07. Dez.<br><\/strong><\/span><\/td>\n<td style=\"width: 74.7272%; height: 19px;\"><span style=\"color: #000000;\"><strong>Weihnachtsmarkt im Schloss Massenbach<\/strong><\/span><\/td>\n<\/tr>\n<tr style=\"height: 19px;\">\n<td style=\"width: 20.2635%; height: 19px;\"><span style=\"color: #000000;\"><strong>&nbsp;<\/strong><\/span><\/td>\n<td style=\"width: 74.7272%; height: 19px;\">&nbsp;<\/td>\n<\/tr>\n<tr style=\"height: 19px;\">\n<td style=\"width: 20.2635%; height: 19px;\">&nbsp;<\/td>\n<td style=\"width: 74.7272%; height: 19px;\">&nbsp;<\/td>\n<\/tr>\n<\/tbody>\n<\/table>\n","protected":false},"excerpt":{"rendered":"<p>31. Januar 152. Mitgliedervers.\u2013\u201eKaffee Krainbachhof\u201c Mb 20:00h 22. M\u00e4rz Teilnahme beim Jubil\u00e4um &#8222;Uganda-Hilfe&#8220; 29. Mai Waldgottesdienst bei der Christophorus-H\u00fctte 08. Nov. Teilnahme beim &#8222;Gl\u00fchweinfest&#8220; des Chores &#8222;Aufwind&#8220; in Biberach 15. Nov. Herbstkonzert im Schloss Massenbach 06.+07. Dez. Weihnachtsmarkt im Schloss Massenbach &nbsp; &nbsp; &nbsp; &nbsp;<\/p>\n","protected":false},"author":1,"featured_media":0,"comment_status":"closed","ping_status":"closed","sticky":false,"template":"","format":"standard","meta":{"ngg_post_thumbnail":0},"categories":[8],"tags":[],"_links":{"self":[{"href":"http:\/\/www.gesangverein-massenbach.de\/2\/wp-json\/wp\/v2\/posts\/5859"}],"collection":[{"href":"http:\/\/www.gesangverein-massenbach.de\/2\/wp-json\/wp\/v2\/posts"}],"about":[{"href":"http:\/\/www.gesangverein-massenbach.de\/2\/wp-json\/wp\/v2\/types\/post"}],"author":[{"embeddable":true,"href":"http:\/\/www.gesangverein-massenbach.de\/2\/wp-json\/wp\/v2\/users\/1"}],"replies":[{"embeddable":true,"href":"http:\/\/www.gesangverein-massenbach.de\/2\/wp-json\/wp\/v2\/comments?post=5859"}],"version-history":[{"count":20,"href":"http:\/\/www.gesangverein-massenbach.de\/2\/wp-json\/wp\/v2\/posts\/5859\/revisions"}],"predecessor-version":[{"id":5934,"href":"http:\/\/www.gesangverein-massenbach.de\/2\/wp-json\/wp\/v2\/posts\/5859\/revisions\/5934"}],"wp:attachment":[{"href":"http:\/\/www.gesangverein-massenbach.de\/2\/wp-json\/wp\/v2\/media?parent=5859"}],"wp:term":[{"taxonomy":"category","embeddable":true,"href":"http:\/\/www.gesangverein-massenbach.de\/2\/wp-json\/wp\/v2\/categories?post=5859"},{"taxonomy":"post_tag","embeddable":true,"href":"http:\/\/www.gesangverein-massenbach.de\/2\/wp-json\/wp\/v2\/tags?post=5859"}],"curies":[{"name":"wp","href":"https:\/\/api.w.org\/{rel}","templated":true}]}}