{"id":5685,"date":"2022-11-25T20:35:43","date_gmt":"2022-11-25T19:35:43","guid":{"rendered":"http:\/\/www.gesangverein-massenbach.de\/2\/?p=5685"},"modified":"2022-11-25T20:35:43","modified_gmt":"2022-11-25T19:35:43","slug":"termine-2023","status":"publish","type":"post","link":"http:\/\/www.gesangverein-massenbach.de\/2\/2022\/11\/25\/termine-2023\/","title":{"rendered":"Termine 2023"},"content":{"rendered":"\n<table style=\"width: 100%; height: 152px;\" width=\"750\">\n<tbody>\n<tr style=\"height: 21px;\">\n<td style=\"width: 16.4285%; height: 19px;\"><span style=\"color: #000000;\"><strong>11. M\u00e4rz<\/strong><\/span><\/td>\n<td style=\"width: 82.7382%; height: 19px;\"><span style=\"color: #000000;\"><strong>150. Mitgliedervers. \u2013 \u201eKaffee Krainbachhof\u201c&nbsp; Mb&nbsp; 20:00h<\/strong><\/span><\/td>\n<\/tr>\n<tr style=\"height: 21px;\">\n<td style=\"width: 16.4285%; height: 19px;\"><span style=\"color: #000000;\"><strong>01. April<\/strong><\/span><\/td>\n<td style=\"width: 82.7382%; height: 19px;\"><span style=\"color: #000000;\"><strong>Fr\u00fchlingsfeier &#8211; beim Gesangverein \u201eEdelwei\u00df\u201c Stetten<br><\/strong><\/span><\/td>\n<\/tr>\n<tr style=\"height: 21px;\">\n<td style=\"width: 16.4285%; height: 19px;\"><span style=\"color: #000000;\"><strong>18. Mai<br><\/strong><\/span><\/td>\n<td style=\"width: 82.7382%; height: 19px;\"><span style=\"color: #000000;\"><strong>Waldgottesdienst bei der Christophorus-H\u00fctte<\/strong><\/span><\/td>\n<\/tr>\n<tr style=\"height: 21px;\">\n<td style=\"width: 16.4285%; height: 19px;\"><span style=\"color: #000000;\"><strong>23.-25. Juni<br><\/strong><\/span><\/td>\n<td style=\"width: 82.7382%; height: 19px;\"><span style=\"color: #000000;\"><strong>Festwochenende &#8211; Jubil\u00e4um &#8222;1250 Jahre Massenbach&#8220;<br><\/strong><\/span><\/td>\n<\/tr>\n<tr style=\"height: 21px;\">\n<td style=\"width: 16.4285%; height: 19px;\"><span style=\"color: #000000;\"><strong>23. Juli<br><\/strong><\/span><\/td>\n<td style=\"width: 82.7382%; height: 19px;\"><span style=\"color: #000000;\"><strong>Jubil\u00e4um &#8222;150 Jahre Gesangverein Eintracht &#8211; Massenbach&#8220;<br><\/strong><\/span><\/td>\n<\/tr>\n<tr style=\"height: 21px;\">\n<td style=\"width: 16.4285%; height: 19px;\"><span style=\"color: #000000;\"><strong>23. Sept.<\/strong><\/span><\/td>\n<td style=\"width: 82.7382%; height: 19px;\"><span style=\"color: #000000;\"><strong>Jahresausflug Gesangverein<br><\/strong><\/span><\/td>\n<\/tr>\n<tr style=\"height: 21px;\">\n<td style=\"width: 16.4285%; height: 19px;\"><span style=\"color: #000000;\"><strong>09.+10. Dez.<\/strong><\/span><\/td>\n<td style=\"width: 82.7382%; height: 19px;\"><span style=\"color: #000000;\"><strong>Weihnachtsmarkt im Schloss Massenbach<\/strong><\/span><\/td>\n<\/tr>\n<tr style=\"height: 19px;\">\n<td style=\"width: 16.4285%; height: 19px;\">&nbsp;<\/td>\n<td style=\"width: 82.7382%; height: 19px;\">&nbsp;<\/td>\n<\/tr>\n<\/tbody>\n<\/table>\n<p><strong>&nbsp;<\/strong><\/p>\n","protected":false},"excerpt":{"rendered":"<p>11. M\u00e4rz 150. Mitgliedervers. \u2013 \u201eKaffee Krainbachhof\u201c&nbsp; Mb&nbsp; 20:00h 01. April Fr\u00fchlingsfeier &#8211; beim Gesangverein \u201eEdelwei\u00df\u201c Stetten 18. Mai Waldgottesdienst bei der Christophorus-H\u00fctte 23.-25. Juni Festwochenende &#8211; Jubil\u00e4um &#8222;1250 Jahre Massenbach&#8220; 23. Juli Jubil\u00e4um &#8222;150 Jahre Gesangverein Eintracht &#8211; Massenbach&#8220; 23. Sept. Jahresausflug Gesangverein 09.+10. Dez. Weihnachtsmarkt im Schloss Massenbach &nbsp; &nbsp; &nbsp;<\/p>\n","protected":false},"author":1,"featured_media":0,"comment_status":"closed","ping_status":"closed","sticky":false,"template":"","format":"standard","meta":{"ngg_post_thumbnail":0},"categories":[8],"tags":[],"_links":{"self":[{"href":"http:\/\/www.gesangverein-massenbach.de\/2\/wp-json\/wp\/v2\/posts\/5685"}],"collection":[{"href":"http:\/\/www.gesangverein-massenbach.de\/2\/wp-json\/wp\/v2\/posts"}],"about":[{"href":"http:\/\/www.gesangverein-massenbach.de\/2\/wp-json\/wp\/v2\/types\/post"}],"author":[{"embeddable":true,"href":"http:\/\/www.gesangverein-massenbach.de\/2\/wp-json\/wp\/v2\/users\/1"}],"replies":[{"embeddable":true,"href":"http:\/\/www.gesangverein-massenbach.de\/2\/wp-json\/wp\/v2\/comments?post=5685"}],"version-history":[{"count":5,"href":"http:\/\/www.gesangverein-massenbach.de\/2\/wp-json\/wp\/v2\/posts\/5685\/revisions"}],"predecessor-version":[{"id":5691,"href":"http:\/\/www.gesangverein-massenbach.de\/2\/wp-json\/wp\/v2\/posts\/5685\/revisions\/5691"}],"wp:attachment":[{"href":"http:\/\/www.gesangverein-massenbach.de\/2\/wp-json\/wp\/v2\/media?parent=5685"}],"wp:term":[{"taxonomy":"category","embeddable":true,"href":"http:\/\/www.gesangverein-massenbach.de\/2\/wp-json\/wp\/v2\/categories?post=5685"},{"taxonomy":"post_tag","embeddable":true,"href":"http:\/\/www.gesangverein-massenbach.de\/2\/wp-json\/wp\/v2\/tags?post=5685"}],"curies":[{"name":"wp","href":"https:\/\/api.w.org\/{rel}","templated":true}]}}