{"id":3704,"date":"2017-10-04T00:15:50","date_gmt":"2017-10-03T22:15:50","guid":{"rendered":"http:\/\/www.gesangverein-massenbach.de\/2\/?p=3704"},"modified":"2019-10-06T20:53:52","modified_gmt":"2019-10-06T18:53:52","slug":"30-09-2017-vereinsausflug","status":"publish","type":"post","link":"http:\/\/www.gesangverein-massenbach.de\/2\/2017\/10\/04\/30-09-2017-vereinsausflug\/","title":{"rendered":"30.09.2017  Vereinsausflug"},"content":{"rendered":"<p>no images were found<\/p>\n\n<p>&nbsp;<\/p>\n<p><span style=\"color: #000000;\">Bei herbstlichem Fr\u00fchnebel startete unser Bus um 07.30 Uhr in Richtung Karlsruhe.<\/span><\/p>\n<p><span style=\"color: #000000;\">Unser obligatorisches Vesper nahmen wir auf dem Autohof Bruchsal ein und fuhren danach gest\u00e4rkt in Richtung Rastatt, wo f\u00fcr die weiblichen Teilnehmer des Ausfluges eine F\u00fchrung im Rastatter Residenzschloss mit der Putzfrau Babette gebucht war. Ausgestattet mit allerlei Putzutensilien besichtigten sie die barocken Prunkr\u00e4ume des Markgrafen Ludwig Wilhelm von Baden-Baden und seiner Frau Sibylla Augusta.<\/span><\/p>\n<p><span style=\"color: #000000;\">Die Herren fuhren w\u00e4hrenddessen mit dem Bus weiter nach Gaggenau und besuchten das Unimog Museum, wo verschiedene Unimog Typen, ihre Besonderheiten und Einsatzgebiete in der Zeitgeschichte ab 1945 ausgestellt sind. Ein Highlight der Ausstellung war der 1948 erbaute Prototyp U6 sowie der MB-trac 1800 intercooler, das letzte \u201eFlaggschiff\u201c aus Gaggenauer Produktion.<\/span><\/p>\n<p><span style=\"color: #000000;\">Anschlie\u00dfend fuhren wir gemeinsam nach Karlsruhe an den Botanischen Garten. Die Zeit bis zur F\u00fchrung genossen die Meisten bei einer Tasse Kaffee und einem St\u00fcckchen Kuchen. In der von Herrn Seibert gehaltenen F\u00fchrung \u201eK\u00fcbelpflanzen pflegen und \u00fcberwintern\u201c erhielten wir interessante Tipps zur \u00dcberwinterung und allgemeinen Pflege von empfindlichen K\u00fcbelpflanzen wie Zitrusfr\u00fcchte, Oliven, Palmen und anderen Exoten. Auch aufkommende Fragen wurden von Herrn Seibert fachm\u00e4nnisch beantwortet.<\/span><\/p>\n<p><span style=\"color: #000000;\">Die anschlie\u00dfende Freizeit konnte f\u00fcr einen kurzen Trip in die Karlsruher Innenstadt genutzt werden, ehe wir um 17.30Uhr wieder in Richtung Heimat starteten.<\/span><\/p>\n<p><span style=\"color: #000000;\">In Massenbach angekommen lie\u00dfen wir diesen interessanten, erlebnisreichen Tag im Gemeindehaus Arche in gem\u00fctlicher Runde ausklingen.<\/span><\/p>\n","protected":false},"excerpt":{"rendered":"<p>&#8220; template=&#8220;\/mnt\/web014\/b0\/15\/5397815\/htdocs\/2\/wp-content\/plugins\/nextgen-gallery\/products\/photocrati_nextgen\/modules\/ngglegacy\/view\/gallery-caption.php&#8220; order_by=&#8220;sortorder&#8220; order_direction=&#8220;ASC&#8220; returns=&#8220;included&#8220; maximum_entity_count=&#8220;500&#8243;] &nbsp; Bei herbstlichem Fr\u00fchnebel startete unser Bus um 07.30 Uhr in Richtung Karlsruhe. Unser obligatorisches Vesper nahmen wir auf dem Autohof Bruchsal ein und fuhren danach gest\u00e4rkt in Richtung Rastatt, wo f\u00fcr die weiblichen Teilnehmer des Ausfluges eine F\u00fchrung im Rastatter Residenzschloss mit der Putzfrau Babette gebucht war. Ausgestattet [&hellip;]<\/p>\n","protected":false},"author":1,"featured_media":0,"comment_status":"closed","ping_status":"closed","sticky":false,"template":"","format":"standard","meta":{"ngg_post_thumbnail":0},"categories":[4,3],"tags":[],"_links":{"self":[{"href":"http:\/\/www.gesangverein-massenbach.de\/2\/wp-json\/wp\/v2\/posts\/3704"}],"collection":[{"href":"http:\/\/www.gesangverein-massenbach.de\/2\/wp-json\/wp\/v2\/posts"}],"about":[{"href":"http:\/\/www.gesangverein-massenbach.de\/2\/wp-json\/wp\/v2\/types\/post"}],"author":[{"embeddable":true,"href":"http:\/\/www.gesangverein-massenbach.de\/2\/wp-json\/wp\/v2\/users\/1"}],"replies":[{"embeddable":true,"href":"http:\/\/www.gesangverein-massenbach.de\/2\/wp-json\/wp\/v2\/comments?post=3704"}],"version-history":[{"count":10,"href":"http:\/\/www.gesangverein-massenbach.de\/2\/wp-json\/wp\/v2\/posts\/3704\/revisions"}],"predecessor-version":[{"id":4126,"href":"http:\/\/www.gesangverein-massenbach.de\/2\/wp-json\/wp\/v2\/posts\/3704\/revisions\/4126"}],"wp:attachment":[{"href":"http:\/\/www.gesangverein-massenbach.de\/2\/wp-json\/wp\/v2\/media?parent=3704"}],"wp:term":[{"taxonomy":"category","embeddable":true,"href":"http:\/\/www.gesangverein-massenbach.de\/2\/wp-json\/wp\/v2\/categories?post=3704"},{"taxonomy":"post_tag","embeddable":true,"href":"http:\/\/www.gesangverein-massenbach.de\/2\/wp-json\/wp\/v2\/tags?post=3704"}],"curies":[{"name":"wp","href":"https:\/\/api.w.org\/{rel}","templated":true}]}}