{"id":3359,"date":"2009-09-23T00:00:56","date_gmt":"2009-09-22T22:00:56","guid":{"rendered":"http:\/\/www.gesangverein-massenbach.de\/2\/?p=3359"},"modified":"2017-02-13T18:49:56","modified_gmt":"2017-02-13T17:49:56","slug":"23-09-2009-vereinsausflug","status":"publish","type":"post","link":"http:\/\/www.gesangverein-massenbach.de\/2\/2009\/09\/23\/23-09-2009-vereinsausflug\/","title":{"rendered":"23.09.2009 Vereinsausflug"},"content":{"rendered":"<p><p>no images were found<\/p>\nAm Samstag den 26.09.2009 fand unser diesj\u00e4hriger Vereinsausflug statt.<br \/>\nP\u00fcnktlich um 7:00h startete der Bus bei gutem Wetter Richtung Mannheim.<br \/>\nUnser erster Zwischenstopp f\u00fchrte uns zur Kultst\u00e4tte \u201eDrei schl\u00e4frige Galgen\u201c bei Beerfelden. Hier wurde ein Fr\u00fchst\u00fcckstisch aufgebaut. Mit W\u00fcrstchen, K\u00e4sew\u00fcrfeln und Brezeln sowie diversen Getr\u00e4nken war bestens f\u00fcr das leibliche Wohl gesorgt.<br \/>\nAnschlie\u00dfend fuhren wir weiter nach Erbach-Heisterbach zum Bauernhof der Familie Weis. Mit Herrn Weis erlebten wir eine Traktorfahrt durch Odenw\u00e4lder Wiesen und W\u00e4lder. W\u00e4hrend der Fahrt konnte hausgekelterter Apfelwein getrunken werden. Auf dem anschliessenden kurzen Waldspaziergang erz\u00e4hlte Bauer Weis auf humoristische Art Wissenswertes \u00fcber Wald und Natur.<br \/>\nDanach ging es zum Mittagessen zur\u00fcck zum Hof. Dort erwartete uns ein kalt-\/warmes Buffet mit Bauernhof-Spezialit\u00e4ten.<br \/>\nGest\u00e4rkt starteten wir um 13:30h die Weiterfahrt nach Mannheim.<br \/>\nHier angekommen erwartete uns um 15:00h ein Schiff zur Hafenrundfahrt auf Neckar und Rhein. Dazu erz\u00e4hlte uns der Kapit\u00e4n Wissenswertes zum Mannheimer und Ludwigshafener Hafen. Anschliessend hatten wir noch 45 min Zeit f\u00fcr einen Spaziergang im Rosengarten und am Wasserturm.<br \/>\nUm 17:45h traten wir nach einem sch\u00f6nen, erlebnisreichen Tag die R\u00fcckfahrt \u00fcber die Autobahn an.<\/p>\n","protected":false},"excerpt":{"rendered":"<p>&#8220; template=&#8220;\/mnt\/web014\/b0\/15\/5397815\/htdocs\/2\/wp-content\/plugins\/nextgen-gallery\/products\/photocrati_nextgen\/modules\/ngglegacy\/view\/gallery-caption.php&#8220; order_by=&#8220;sortorder&#8220; order_direction=&#8220;ASC&#8220; returns=&#8220;included&#8220; maximum_entity_count=&#8220;500&#8243;]Am Samstag den 26.09.2009 fand unser diesj\u00e4hriger Vereinsausflug statt. P\u00fcnktlich um 7:00h startete der Bus bei gutem Wetter Richtung Mannheim. Unser erster Zwischenstopp f\u00fchrte uns zur Kultst\u00e4tte \u201eDrei schl\u00e4frige Galgen\u201c bei Beerfelden. Hier wurde ein Fr\u00fchst\u00fcckstisch aufgebaut. Mit W\u00fcrstchen, K\u00e4sew\u00fcrfeln und Brezeln sowie diversen Getr\u00e4nken war bestens f\u00fcr das leibliche [&hellip;]<\/p>\n","protected":false},"author":1,"featured_media":0,"comment_status":"closed","ping_status":"closed","sticky":false,"template":"","format":"standard","meta":{"ngg_post_thumbnail":0},"categories":[4,3],"tags":[],"_links":{"self":[{"href":"http:\/\/www.gesangverein-massenbach.de\/2\/wp-json\/wp\/v2\/posts\/3359"}],"collection":[{"href":"http:\/\/www.gesangverein-massenbach.de\/2\/wp-json\/wp\/v2\/posts"}],"about":[{"href":"http:\/\/www.gesangverein-massenbach.de\/2\/wp-json\/wp\/v2\/types\/post"}],"author":[{"embeddable":true,"href":"http:\/\/www.gesangverein-massenbach.de\/2\/wp-json\/wp\/v2\/users\/1"}],"replies":[{"embeddable":true,"href":"http:\/\/www.gesangverein-massenbach.de\/2\/wp-json\/wp\/v2\/comments?post=3359"}],"version-history":[{"count":1,"href":"http:\/\/www.gesangverein-massenbach.de\/2\/wp-json\/wp\/v2\/posts\/3359\/revisions"}],"predecessor-version":[{"id":3404,"href":"http:\/\/www.gesangverein-massenbach.de\/2\/wp-json\/wp\/v2\/posts\/3359\/revisions\/3404"}],"wp:attachment":[{"href":"http:\/\/www.gesangverein-massenbach.de\/2\/wp-json\/wp\/v2\/media?parent=3359"}],"wp:term":[{"taxonomy":"category","embeddable":true,"href":"http:\/\/www.gesangverein-massenbach.de\/2\/wp-json\/wp\/v2\/categories?post=3359"},{"taxonomy":"post_tag","embeddable":true,"href":"http:\/\/www.gesangverein-massenbach.de\/2\/wp-json\/wp\/v2\/tags?post=3359"}],"curies":[{"name":"wp","href":"https:\/\/api.w.org\/{rel}","templated":true}]}}