{"id":1277,"date":"1971-11-06T20:09:18","date_gmt":"1971-11-06T19:09:18","guid":{"rendered":"http:\/\/www.gesangverein-massenbach.de\/2\/?p=1277"},"modified":"2021-11-29T22:59:52","modified_gmt":"2021-11-29T21:59:52","slug":"1925","status":"publish","type":"post","link":"http:\/\/www.gesangverein-massenbach.de\/2\/1971\/11\/06\/1925\/","title":{"rendered":"1925"},"content":{"rendered":"<p>Der erste Weltkrieg zwang dann f\u00fcr lange Zeit zur Unterbrechung der Vereinst\u00e4tigkeit.<\/p>\n<p>Doch durch gro\u00dfe Anstrengungen aller S\u00e4nger konnte man anschlie\u00dfend an die fr\u00fcheren erfolgreichen Jahre ankn\u00fcpfen und weiter sch\u00f6ne Erfolge bei Preissingen erzielen.<\/p>\n            \n\t\t<div class=\"ngg-gallery-singlepic-image \" style=\"\">\n\t\t\t    \t<a href=\"http:\/\/www.gesangverein-massenbach.de\/2\/wp-content\/gallery\/historie\/1925_festzug1923.jpg\"\n\t\t     title=\"\"\n             data-src=\"http:\/\/www.gesangverein-massenbach.de\/2\/wp-content\/gallery\/historie\/1925_festzug1923.jpg\"\n             data-thumbnail=\"http:\/\/www.gesangverein-massenbach.de\/2\/wp-content\/gallery\/historie\/thumbs\/thumbs_1925_festzug1923.jpg\"\n             data-image-id=\"1534\"\n             data-title=\"1925_festzug1923\"\n             data-description=\"\"\n             target='_self'\n             class=\"ngg-fancybox\" rel=\"144783b4ae0035bb373dc11335614159\">\n            <img class=\"ngg-singlepic\"\n             src=\"http:\/\/www.gesangverein-massenbach.de\/2\/wp-content\/gallery\/historie\/cache\/1925_festzug1923.jpg-nggid041534-ngg0dyn-0x0x100-00f0w010c010r110f110r010t010.jpg\"\n             alt=\"1925_festzug1923\"\n             title=\"1925_festzug1923\"\n                           \/>\n    \t<\/a>\n\t\t      <\/div>\n        \n<p>&nbsp;<\/p>\n<p>Im Jahr 1922 war durch den losen Zusammenschluss mehrerer Gesangvereine des Leintals und Umgebung die Leintal-S\u00e4ngergruppe entstanden, die allj\u00e4hrlich S\u00e4ngertage abhielt. Und so konnte unser Verein im Jahr 1923 sein erstes S\u00e4ngerfest durchf\u00fchren: Der 2. Leintal-S\u00e4ngertag fand am Pfingstmontag, dem 21. Mai 1923, im Schloss-Saal in Massenbach statt.<br \/>\nSchon damals trugen diese S\u00e4ngertage die gleichen Merkmale wie die heutigen Leintal-S\u00e4ngertreffen: Konzertsingen der Mitgliedsvereine, Gemeinschaftsch\u00f6re und Freundschaftssingen. Und damals geh\u00f6rte auch ein Festzug dazu.<\/p>\n<p>Es wurde ein erfolgreicher Tag f\u00fcr die hiesigen S\u00e4nger, vermerkt das Protokollbuch, nur \u201clie\u00df die Inflationszeit keine rechte Stimmung aufkommen\u201d.<\/p>\n<p>Und dass das Inflationsgespenst auch vor den Vereinsfinanzen nicht halt machte, zeigt ein Blick in das Kassenbuch: So schloss das Jahr 1923 mit der unvorstellbar hohen Summe von 1.000.025.030.730,30 Mark und beginnt im Jahr 1924 mit dem Eintrag \u201calter Kassenbestand in Goldmark 1,-\u201d.<\/p>\n<p>In den folgenden Jahren setzte sich die Aufw\u00e4rtsentwicklung des Chores fort. Besuche von S\u00e4ngerfesten in der n\u00e4heren Umgebung, St\u00e4ndchen, Ausfl\u00fcge und Weihnachtsfeiern bildeten das Jahresprogramm. Beim Preissingen trat man inzwischen erfolgreich in der Stufe \u201cKunstgesang\u201d auf und konnte viele Ehrenpreise erringen. Dies war nicht zuletzt das Verdienst von Vorstand Julius Scherer und von Hauptlehrer Mayer, der den Verein \u00fcber 12 Jahre musikalisch leitete. Sie verstanden es immer wieder, dem Chor neue Impulse zu geben.<\/p>\n            \n\t\t<div class=\"ngg-gallery-singlepic-image \" style=\"\">\n\t\t\t    \t<a href=\"http:\/\/www.gesangverein-massenbach.de\/2\/wp-content\/gallery\/historie\/1925_kinderfest1930.jpg\"\n\t\t     title=\"\"\n             data-src=\"http:\/\/www.gesangverein-massenbach.de\/2\/wp-content\/gallery\/historie\/1925_kinderfest1930.jpg\"\n             data-thumbnail=\"http:\/\/www.gesangverein-massenbach.de\/2\/wp-content\/gallery\/historie\/thumbs\/thumbs_1925_kinderfest1930.jpg\"\n             data-image-id=\"1535\"\n             data-title=\"1925_kinderfest1930\"\n             data-description=\"\"\n             target='_self'\n             class=\"ngg-fancybox\" rel=\"4b2d5cfa970d80570948484545d3a29d\">\n            <img class=\"ngg-singlepic\"\n             src=\"http:\/\/www.gesangverein-massenbach.de\/2\/wp-content\/gallery\/historie\/cache\/1925_kinderfest1930.jpg-nggid041535-ngg0dyn-0x0x100-00f0w010c010r110f110r010t010.jpg\"\n             alt=\"1925_kinderfest1930\"\n             title=\"1925_kinderfest1930\"\n                           \/>\n    \t<\/a>\n\t\t      <\/div>\n        \n<p>&nbsp;<\/p>\n<p>Einen vorl\u00e4ufigen H\u00f6hepunkt dieser Entwicklung bildete das S\u00e4ngerfest mit Fahnenweihe im Jahre 1930. Dass dieses Fest unter Anteilnahme der gesamten Dorfgemeinschaft gefeiert wurde, dokumentiert ein Auszug aus den Eintragungen des Schriftf\u00fchrers Wilhelm Wagner in das Protokollbuch:<br \/>\n\u201cDer Festtag ist angebrochen. Herrlicher Sonnenschein strahlt vom Morgenhimmel hernieder. &#8230; In vollem Festschmuck prangte unser kleines Dorf. Keine M\u00fchen und keine Kosten wurden von den Einwohnern gescheut, um den zu erwartenden G\u00e4sten unser Dorf im sch\u00f6nsten Festschmuck zu zeigen; und wahrlich es ist gelungen. &#8230; Standen doch rechts und links an der Stra\u00dfe Hunderte von Birken . Von Haus zu Haus zogen sich Girlanden und Schn\u00fcre mit bunten F\u00e4hnchen und Wimpeln, so dass die Stra\u00dfe einem Triumphbogen glich.\u201d<\/p>\n<p>Und nach einer begeisternden Schilderung des gelungenen Ablaufes dieses Festtages mit der Fahnenweihe als H\u00f6hepunkt endet der Eintrag mit den Worten: \u201cDer Verein selbst und beinahe die gesamte Einwohnerschaft waren bis zur sp\u00e4ten Nachtstunde in fr\u00f6hlicher Stimmung auf dem Festplatz, wo die Musikkapelle unerm\u00fcdlich ihre Weisen erklingen lie\u00df.\u201d<br \/>\nWie auch in sp\u00e4teren Jahren schloss sich an die Festtage ein Kinderfest an, zu dem ein Festzug den Auftakt bildete.<\/p>\n<p>Wie sehr der Verein damals in das Ortsgeschehen einbezogen war, zeigte sich darin, dass kaum ein \u00f6rtliches Ereignis ohne gesangliche Darbietung denkbar war: Sei es ein St\u00e4ndchen zur Hochzeit, zur Amtseinf\u00fchrung eines B\u00fcrgermeisters oder Lehrers, sei es der Grabgesang, immer wurde der M\u00e4nnerchor um Mitwirkung gebeten. Auch die Gemeinde und die \u00fcbrigen Vereine traten oft mit Sangesw\u00fcnschen an den Verein heran.<\/p>\n<p>Daraus hat sich eine umfassende kulturelle Aufgabe f\u00fcr den Verein ergeben, und er stellte sich stets gerne der Allgemeinheit, der Dorfgemeinschaft, zur Verf\u00fcgung. Diese Tradition hat sich bis in die heutige Zeit fortgesetzt.<\/p>\n","protected":false},"excerpt":{"rendered":"<p>Der erste Weltkrieg zwang dann f\u00fcr lange Zeit zur Unterbrechung der Vereinst\u00e4tigkeit. Doch durch gro\u00dfe Anstrengungen aller S\u00e4nger konnte man anschlie\u00dfend an die fr\u00fcheren erfolgreichen Jahre ankn\u00fcpfen und weiter sch\u00f6ne Erfolge bei Preissingen erzielen. &nbsp; Im Jahr 1922 war durch den losen Zusammenschluss mehrerer Gesangvereine des Leintals und Umgebung die Leintal-S\u00e4ngergruppe entstanden, die allj\u00e4hrlich S\u00e4ngertage [&hellip;]<\/p>\n","protected":false},"author":1,"featured_media":0,"comment_status":"closed","ping_status":"closed","sticky":false,"template":"","format":"standard","meta":{"ngg_post_thumbnail":0},"categories":[5],"tags":[],"_links":{"self":[{"href":"http:\/\/www.gesangverein-massenbach.de\/2\/wp-json\/wp\/v2\/posts\/1277"}],"collection":[{"href":"http:\/\/www.gesangverein-massenbach.de\/2\/wp-json\/wp\/v2\/posts"}],"about":[{"href":"http:\/\/www.gesangverein-massenbach.de\/2\/wp-json\/wp\/v2\/types\/post"}],"author":[{"embeddable":true,"href":"http:\/\/www.gesangverein-massenbach.de\/2\/wp-json\/wp\/v2\/users\/1"}],"replies":[{"embeddable":true,"href":"http:\/\/www.gesangverein-massenbach.de\/2\/wp-json\/wp\/v2\/comments?post=1277"}],"version-history":[{"count":2,"href":"http:\/\/www.gesangverein-massenbach.de\/2\/wp-json\/wp\/v2\/posts\/1277\/revisions"}],"predecessor-version":[{"id":5503,"href":"http:\/\/www.gesangverein-massenbach.de\/2\/wp-json\/wp\/v2\/posts\/1277\/revisions\/5503"}],"wp:attachment":[{"href":"http:\/\/www.gesangverein-massenbach.de\/2\/wp-json\/wp\/v2\/media?parent=1277"}],"wp:term":[{"taxonomy":"category","embeddable":true,"href":"http:\/\/www.gesangverein-massenbach.de\/2\/wp-json\/wp\/v2\/categories?post=1277"},{"taxonomy":"post_tag","embeddable":true,"href":"http:\/\/www.gesangverein-massenbach.de\/2\/wp-json\/wp\/v2\/tags?post=1277"}],"curies":[{"name":"wp","href":"https:\/\/api.w.org\/{rel}","templated":true}]}}